{"id":986,"date":"2025-04-08T09:57:36","date_gmt":"2025-04-08T07:57:36","guid":{"rendered":"https:\/\/hogarenelmundo.riotormes.es\/?p=986"},"modified":"2025-04-08T16:11:59","modified_gmt":"2025-04-08T14:11:59","slug":"halima-aden","status":"publish","type":"post","link":"https:\/\/hogarenelmundo.riotormes.es\/?p=986","title":{"rendered":"Halima Aden"},"content":{"rendered":"\n<p class=\"has-medium-font-size\"><strong>FECHA Y LUGAR DE NACIMIENTO:<\/strong><\/p>\n\n\n\n<p>19 de septiembre de 1997, en el campo de refugiados de Kakuma, Kenia.<\/p>\n\n\n\n<p><strong>PA\u00cdS o PA\u00cdSES DE ACOGIDA<\/strong><\/p>\n\n\n\n<p>Estados Unidos.<\/p>\n\n\n\n<p><strong>CAUSA DE SALIDA DE SU PA\u00cdS DE ORIGEN:<\/strong><\/p>\n\n\n\n<p>Su familia huy\u00f3 de la guerra civil en Somalia.<\/p>\n\n\n\n<p><strong>FORMACI\u00d3N ACAD\u00c9MICA:<\/strong><\/p>\n\n\n\n<p>Curs\u00f3 estudios en St. Cloud State University (Minnesota, EE.UU.).<\/p>\n\n\n\n<p><strong>BREVE BIOGRAF\u00cdA:<\/strong><\/p>\n\n\n\n<p>Halima Aden es una supermodelo, activista y pionera nacida en un campo de refugiados en Kakuma, Kenia, el 19 de septiembre de 1997. De origen somal\u00ed, su vida estuvo marcada desde el inicio por la experiencia del desplazamiento forzado debido a la guerra civil en Somalia. A los siete a\u00f1os emigr\u00f3 junto a su madre a Estados Unidos, estableci\u00e9ndose en St. Cloud, Minnesota, un entorno completamente nuevo que marcar\u00eda profundamente su identidad y su trayectoria vital.<\/p>\n\n\n\n<p>Desde peque\u00f1a, Halima mostr\u00f3 una fuerte conciencia de s\u00ed misma y una actitud resiliente frente a las dificultades de adaptaci\u00f3n e integraci\u00f3n. Su fe musulmana y el uso del hiyab formaron parte central de su identidad. Esto la llev\u00f3 a desafiar los est\u00e1ndares establecidos en la industria de la moda al convertirse en la primera mujer en participar en un certamen de belleza en Estados Unidos usando hiyab y burkini. Fue en 2016, en el concurso de Miss Minnesota USA, donde Halima rompi\u00f3 moldes y gan\u00f3 notoriedad internacional, a pesar de no haber ganado el certamen.<\/p>\n\n\n\n<p>Este acto de valent\u00eda y coherencia con sus valores llam\u00f3 la atenci\u00f3n de la industria de la moda. En 2017 firm\u00f3 con la prestigiosa agencia IMG Models, comenzando una carrera mete\u00f3rica. Desfil\u00f3 en pasarelas de marcas reconocidas como Yeezy (de Kanye West), Alberta Ferretti o Max Mara, y apareci\u00f3 en revistas ic\u00f3nicas como Vogue, Allure y Sports Illustrated. Su aparici\u00f3n en esta \u00faltima, usando un burkini, fue un hito: fue la primera modelo en hacerlo, demostrando que la diversidad y la inclusi\u00f3n pueden \u2014y deben\u2014 formar parte de la moda.<\/p>\n\n\n\n<p>Halima no solo se destac\u00f3 por su trabajo en pasarelas y editoriales, sino por utilizar su plataforma para hablar sobre temas de identidad, inclusi\u00f3n, diversidad religiosa y derechos de los refugiados. Colabor\u00f3 con UNICEF como embajadora, compartiendo su historia y sensibilizando sobre la situaci\u00f3n de los ni\u00f1os desplazados y los refugiados en todo el mundo.<\/p>\n\n\n\n<p>Sin embargo, su trayectoria en la industria de la moda no estuvo exenta de conflictos. En 2020, Halima anunci\u00f3 p\u00fablicamente que abandonaba las pasarelas, explicando que, en varias ocasiones, sinti\u00f3 que su identidad religiosa hab\u00eda sido comprometida. Expres\u00f3 que en algunos trabajos fue presionada para usar el hiyab de formas que no respetaban su fe, lo que le provoc\u00f3 una profunda crisis personal. Esta decisi\u00f3n fue aplaudida por muchos como un acto de integridad y reafirmaci\u00f3n personal.<\/p>\n\n\n\n<p>Desde entonces, Halima se ha enfocado en causas humanitarias y en promover el empoderamiento juvenil y femenino. Tambi\u00e9n ha hablado con apertura sobre salud mental y la importancia de mantenerse fiel a los propios valores en cualquier \u00e1mbito profesional.<\/p>\n\n\n\n<p>Halima Aden es mucho m\u00e1s que una modelo; es un s\u00edmbolo de lucha, esperanza y autenticidad. Representa a miles de j\u00f3venes que, como ella, viven entre culturas, entre desaf\u00edos y sue\u00f1os. Su historia inspira a creer que es posible alcanzar el \u00e9xito sin renunciar a la identidad, y que incluso desde un campo de refugiados se puede llegar a las portadas del mundo.<\/p>\n\n\n\n<p><\/p>\n\n\n\n<p class=\"has-large-font-size\"><strong>FUENTES<\/strong>:<\/p>\n\n\n\n<p><\/p>\n\n\n\n<p>UNHCR \u2013 Halima Aden: la modelo que rompi\u00f3 barreras<\/p>\n\n\n\n<p><\/p>\n","protected":false},"excerpt":{"rendered":"<p>FECHA Y LUGAR DE NACIMIENTO: 19 de septiembre de 1997, en el campo de refugiados&hellip;<\/p>\n","protected":false},"author":17,"featured_media":1035,"comment_status":"closed","ping_status":"","sticky":false,"template":"","format":"standard","meta":{"footnotes":""},"categories":[4],"tags":[],"class_list":["post-986","post","type-post","status-publish","format-standard","has-post-thumbnail","hentry","category-refugiados"],"_links":{"self":[{"href":"https:\/\/hogarenelmundo.riotormes.es\/index.php?rest_route=\/wp\/v2\/posts\/986","targetHints":{"allow":["GET"]}}],"collection":[{"href":"https:\/\/hogarenelmundo.riotormes.es\/index.php?rest_route=\/wp\/v2\/posts"}],"about":[{"href":"https:\/\/hogarenelmundo.riotormes.es\/index.php?rest_route=\/wp\/v2\/types\/post"}],"author":[{"embeddable":true,"href":"https:\/\/hogarenelmundo.riotormes.es\/index.php?rest_route=\/wp\/v2\/users\/17"}],"replies":[{"embeddable":true,"href":"https:\/\/hogarenelmundo.riotormes.es\/index.php?rest_route=%2Fwp%2Fv2%2Fcomments&post=986"}],"version-history":[{"count":4,"href":"https:\/\/hogarenelmundo.riotormes.es\/index.php?rest_route=\/wp\/v2\/posts\/986\/revisions"}],"predecessor-version":[{"id":1076,"href":"https:\/\/hogarenelmundo.riotormes.es\/index.php?rest_route=\/wp\/v2\/posts\/986\/revisions\/1076"}],"wp:featuredmedia":[{"embeddable":true,"href":"https:\/\/hogarenelmundo.riotormes.es\/index.php?rest_route=\/wp\/v2\/media\/1035"}],"wp:attachment":[{"href":"https:\/\/hogarenelmundo.riotormes.es\/index.php?rest_route=%2Fwp%2Fv2%2Fmedia&parent=986"}],"wp:term":[{"taxonomy":"category","embeddable":true,"href":"https:\/\/hogarenelmundo.riotormes.es\/index.php?rest_route=%2Fwp%2Fv2%2Fcategories&post=986"},{"taxonomy":"post_tag","embeddable":true,"href":"https:\/\/hogarenelmundo.riotormes.es\/index.php?rest_route=%2Fwp%2Fv2%2Ftags&post=986"}],"curies":[{"name":"wp","href":"https:\/\/api.w.org\/{rel}","templated":true}]}}