{"id":869,"date":"2025-04-04T14:03:56","date_gmt":"2025-04-04T12:03:56","guid":{"rendered":"https:\/\/hogarenelmundo.riotormes.es\/?p=869"},"modified":"2025-04-08T10:02:56","modified_gmt":"2025-04-08T08:02:56","slug":"hannah-arendt","status":"publish","type":"post","link":"https:\/\/hogarenelmundo.riotormes.es\/?p=869","title":{"rendered":"Jacobo Timerman"},"content":{"rendered":"\n<p><strong>NOMBRE:<\/strong><\/p>\n\n\n\n<p> Jacobo Timerman<\/p>\n\n\n\n<p><strong>FECHA Y LUGAR DE NACIMIENTO<\/strong><\/p>\n\n\n\n<p> 6 de enero de 1923, Bar, Ucrania (entonces parte de la Uni\u00f3n Sovi\u00e9tica)<\/p>\n\n\n\n<p><strong>PAIS O PAISES DE ACOGIDA<\/strong><\/p>\n\n\n\n<p>Israel<\/p>\n\n\n\n<p><strong>CAUSA DE LA SALIDA DEL PAIS DE ORIGEN:<\/strong><\/p>\n\n\n\n<p> Persecuci\u00f3n pol\u00edtica y detenci\u00f3n ilegal durante la dictadura militar en Argentina (1976-1983)<\/p>\n\n\n\n<p><strong>FORMACION ACADEMICA:<\/strong><\/p>\n\n\n\n<p> Estudi\u00f3 en la Universidad de Buenos Aires, aunque no complet\u00f3 su carrera universitaria<\/p>\n\n\n\n<p><strong>BREVE BIOGRAFIA:<\/strong><\/p>\n\n\n\n<p>Jacobo Timerman, periodista argentino de origen jud\u00edo-ucraniano, se convirti\u00f3 en una figura emblem\u00e1tica no solo por su trabajo en la prensa, sino por su papel como <strong>refugiado pol\u00edtico<\/strong> y <strong>denunciante del terrorismo de Estado<\/strong> en Argentina.<\/p>\n\n\n\n<h4 class=\"wp-block-heading\"><strong>Perseguido por decir la verdad<\/strong><\/h4>\n\n\n\n<p>Durante los a\u00f1os 70, Timerman dirig\u00eda el diario <em>La Opini\u00f3n<\/em>, uno de los pocos medios que se atrev\u00eda a criticar abiertamente al poder. En 1977, en plena dictadura militar, fue secuestrado por las fuerzas armadas. Estuvo detenido ilegalmente, <strong>torturado<\/strong>, y confinado en <strong>centros clandestinos<\/strong>, sin cargos concretos, solo por expresar ideas contrarias al r\u00e9gimen.<\/p>\n\n\n\n<p>Lo acusaban de tener v\u00ednculos con grupos subversivos, pero en realidad, lo que m\u00e1s les molestaba era su influencia como periodista libre y su identidad jud\u00eda, en un contexto donde el <strong>antisemitismo<\/strong> se mezclaba con la represi\u00f3n pol\u00edtica.<\/p>\n\n\n\n<h4 class=\"wp-block-heading\"><strong>El exilio en Israel<\/strong><\/h4>\n\n\n\n<p>Gracias a la presi\u00f3n internacional \u2014especialmente de gobiernos, periodistas y organizaciones de derechos humanos\u2014 Timerman fue liberado en 1979, aunque bajo la condici\u00f3n de abandonar Argentina. Se <strong>exili\u00f3 en Israel<\/strong>, pa\u00eds que le ofreci\u00f3 asilo y ciudadan\u00eda.<\/p>\n\n\n\n<p>Estar lejos de su tierra y su familia no fue f\u00e1cil. Pero en vez de quedarse en silencio, <strong>transform\u00f3 el dolor en palabra<\/strong>. Desde Israel, escribi\u00f3 el libro <strong>\u00abPreso sin nombre, celda sin n\u00famero\u00bb<\/strong>, donde relat\u00f3 con crudeza su experiencia de detenci\u00f3n ilegal y denunci\u00f3 los horrores del r\u00e9gimen argentino.<\/p>\n\n\n\n<p>Ese libro se convirti\u00f3 en un testimonio clave sobre las desapariciones forzadas, la tortura, y el uso del poder para silenciar al pensamiento cr\u00edtico. Fue traducido a m\u00faltiples idiomas y le\u00eddo en todo el mundo, convirtiendo a Timerman en <strong>una voz fundamental en la lucha por los derechos humanos en Am\u00e9rica Latina<\/strong>.<\/p>\n\n\n\n<p><\/p>\n","protected":false},"excerpt":{"rendered":"<p>NOMBRE: Jacobo Timerman FECHA Y LUGAR DE NACIMIENTO 6 de enero de 1923, Bar, Ucrania&hellip;<\/p>\n","protected":false},"author":16,"featured_media":887,"comment_status":"closed","ping_status":"","sticky":false,"template":"","format":"standard","meta":{"footnotes":""},"categories":[4],"tags":[],"class_list":["post-869","post","type-post","status-publish","format-standard","has-post-thumbnail","hentry","category-refugiados"],"_links":{"self":[{"href":"https:\/\/hogarenelmundo.riotormes.es\/index.php?rest_route=\/wp\/v2\/posts\/869","targetHints":{"allow":["GET"]}}],"collection":[{"href":"https:\/\/hogarenelmundo.riotormes.es\/index.php?rest_route=\/wp\/v2\/posts"}],"about":[{"href":"https:\/\/hogarenelmundo.riotormes.es\/index.php?rest_route=\/wp\/v2\/types\/post"}],"author":[{"embeddable":true,"href":"https:\/\/hogarenelmundo.riotormes.es\/index.php?rest_route=\/wp\/v2\/users\/16"}],"replies":[{"embeddable":true,"href":"https:\/\/hogarenelmundo.riotormes.es\/index.php?rest_route=%2Fwp%2Fv2%2Fcomments&post=869"}],"version-history":[{"count":6,"href":"https:\/\/hogarenelmundo.riotormes.es\/index.php?rest_route=\/wp\/v2\/posts\/869\/revisions"}],"predecessor-version":[{"id":1003,"href":"https:\/\/hogarenelmundo.riotormes.es\/index.php?rest_route=\/wp\/v2\/posts\/869\/revisions\/1003"}],"wp:featuredmedia":[{"embeddable":true,"href":"https:\/\/hogarenelmundo.riotormes.es\/index.php?rest_route=\/wp\/v2\/media\/887"}],"wp:attachment":[{"href":"https:\/\/hogarenelmundo.riotormes.es\/index.php?rest_route=%2Fwp%2Fv2%2Fmedia&parent=869"}],"wp:term":[{"taxonomy":"category","embeddable":true,"href":"https:\/\/hogarenelmundo.riotormes.es\/index.php?rest_route=%2Fwp%2Fv2%2Fcategories&post=869"},{"taxonomy":"post_tag","embeddable":true,"href":"https:\/\/hogarenelmundo.riotormes.es\/index.php?rest_route=%2Fwp%2Fv2%2Ftags&post=869"}],"curies":[{"name":"wp","href":"https:\/\/api.w.org\/{rel}","templated":true}]}}