{"id":758,"date":"2025-03-25T10:07:04","date_gmt":"2025-03-25T09:07:04","guid":{"rendered":"https:\/\/hogarenelmundo.riotormes.es\/?p=758"},"modified":"2025-04-08T17:44:29","modified_gmt":"2025-04-08T15:44:29","slug":"sergey-brin-2","status":"publish","type":"post","link":"https:\/\/hogarenelmundo.riotormes.es\/?p=758","title":{"rendered":"Malala Yousafzai"},"content":{"rendered":"\n<p><strong>NOMBRE: <\/strong><\/p>\n\n\n\n<p>Malala Yousafzai<\/p>\n\n\n\n<p><strong>FECHA Y LUGAR DE NACIMIENTO:<\/strong> <\/p>\n\n\n\n<p>12 de julio de 1997, Mingora, Pakist\u00e1n.<\/p>\n\n\n\n<p><strong>PA\u00cdS o PA\u00cdSES DE ACOGIDA:<\/strong><\/p>\n\n\n\n<p>Reino Unido<\/p>\n\n\n\n<p><strong>CAUSA DE SALIDA DE SU PA\u00cdS DE ORIGEN:<\/strong> <\/p>\n\n\n\n<p>En 2012, fue v\u00edctima de un atentado por parte de los talibanes debido a su activismo a favor de la educaci\u00f3n de las ni\u00f1as. Tras el ataque, fue trasladada al Reino Unido para recibir tratamiento m\u00e9dico y se qued\u00f3 all\u00ed como refugiada.<\/p>\n\n\n\n<p><strong>FORMACI\u00d3N ACAD\u00c9MICA:<\/strong><\/p>\n\n\n\n<p>\u2022&nbsp;Educaci\u00f3n secundaria en Birmingham, Reino Unido<\/p>\n\n\n\n<p>\u2022&nbsp;Licenciatura en Filosof\u00eda, Pol\u00edtica y Econom\u00eda (PPE) en la Universidad de Oxford (2020)<\/p>\n\n\n\n<p><strong>BREVE BIOGRAF\u00cdA:<\/strong><br>Malala Yousafzai es una activista paquistan\u00ed reconocida mundialmente por su defensa del derecho a la educaci\u00f3n, especialmente de las ni\u00f1as, en contextos de conflicto y opresi\u00f3n. Desde muy joven, Malala mostr\u00f3 un gran inter\u00e9s por la escuela, influenciada por su padre, Ziauddin Yousafzai, educador y activista.<\/p>\n\n\n\n<p>En 2009, con solo 11 a\u00f1os, comenz\u00f3 a escribir un blog para la BBC bajo un seud\u00f3nimo, relatando la vida diaria bajo el r\u00e9gimen talib\u00e1n, que hab\u00eda prohibido la educaci\u00f3n femenina en el valle del Swat. Su valent\u00eda y claridad llamaron la atenci\u00f3n internacional, y pronto se convirti\u00f3 en un s\u00edmbolo de resistencia.<\/p>\n\n\n\n<p>El 9 de octubre de 2012, cuando regresaba de la escuela, un talib\u00e1n armado subi\u00f3 a su autob\u00fas y le dispar\u00f3 en la cabeza. Contra todo pron\u00f3stico, Malala sobrevivi\u00f3. Fue trasladada al Reino Unido para recibir tratamiento m\u00e9dico y, m\u00e1s tarde, se estableci\u00f3 all\u00ed con su familia.<\/p>\n\n\n\n<p>Desde entonces, ha continuado su labor como activista. En 2013 fund\u00f3 la&nbsp;<em>Malala Fund<\/em>, una organizaci\u00f3n internacional que trabaja por un mundo en el que todas las ni\u00f1as puedan acceder a 12 a\u00f1os de educaci\u00f3n gratuita, segura y de calidad.<\/p>\n\n\n\n<p>En 2014, con solo 17 a\u00f1os,&nbsp;<strong>se convirti\u00f3 en la persona m\u00e1s joven en recibir el Premio Nobel de la Paz<\/strong>, compartido con Kailash Satyarthi, por su lucha contra la represi\u00f3n de ni\u00f1os y j\u00f3venes y por el derecho de todos los ni\u00f1os a la educaci\u00f3n.<\/p>\n\n\n\n<p>Malala ha sido oradora en las Naciones Unidas, ha escrito el libro\u00a0<em>Yo soy Malala<\/em>, traducido a m\u00e1s de 40 idiomas, y contin\u00faa siendo un referente mundial en temas de educaci\u00f3n, igualdad de g\u00e9nero y derechos humanos.<\/p>\n\n\n\n<p><strong>FUENTES:<\/strong><\/p>\n\n\n\n<p>\u2022\u00a0Premio Nobel: <a href=\"https:\/\/www.nobelprize.org\/prizes\/peace\/2014\/yousafzai\/facts\/\">https:\/\/www.nobelprize.org\/prizes\/peace\/2014\/yousafzai\/facts\/<\/a><\/p>\n\n\n\n<p>\u2022\u00a0Malala Fund: <a href=\"https:\/\/malala.org\">https:\/\/malala.org<\/a><\/p>\n\n\n\n<p>\u2022\u00a0BBC News: <a href=\"https:\/\/www.bbc.com\/news\/world-asia-23241937\">https:\/\/www.bbc.com\/news\/world-asia-23241937<\/a><\/p>\n\n\n\n<p>\u2022&nbsp;Libro&nbsp;<em>Yo soy Malala<\/em>&nbsp;(2013)<\/p>\n","protected":false},"excerpt":{"rendered":"<p>NOMBRE: Malala Yousafzai FECHA Y LUGAR DE NACIMIENTO: 12 de julio de 1997, Mingora, Pakist\u00e1n.&hellip;<\/p>\n","protected":false},"author":16,"featured_media":1005,"comment_status":"closed","ping_status":"","sticky":false,"template":"","format":"standard","meta":{"footnotes":""},"categories":[4],"tags":[],"class_list":["post-758","post","type-post","status-publish","format-standard","has-post-thumbnail","hentry","category-refugiados"],"_links":{"self":[{"href":"https:\/\/hogarenelmundo.riotormes.es\/index.php?rest_route=\/wp\/v2\/posts\/758","targetHints":{"allow":["GET"]}}],"collection":[{"href":"https:\/\/hogarenelmundo.riotormes.es\/index.php?rest_route=\/wp\/v2\/posts"}],"about":[{"href":"https:\/\/hogarenelmundo.riotormes.es\/index.php?rest_route=\/wp\/v2\/types\/post"}],"author":[{"embeddable":true,"href":"https:\/\/hogarenelmundo.riotormes.es\/index.php?rest_route=\/wp\/v2\/users\/16"}],"replies":[{"embeddable":true,"href":"https:\/\/hogarenelmundo.riotormes.es\/index.php?rest_route=%2Fwp%2Fv2%2Fcomments&post=758"}],"version-history":[{"count":6,"href":"https:\/\/hogarenelmundo.riotormes.es\/index.php?rest_route=\/wp\/v2\/posts\/758\/revisions"}],"predecessor-version":[{"id":1101,"href":"https:\/\/hogarenelmundo.riotormes.es\/index.php?rest_route=\/wp\/v2\/posts\/758\/revisions\/1101"}],"wp:featuredmedia":[{"embeddable":true,"href":"https:\/\/hogarenelmundo.riotormes.es\/index.php?rest_route=\/wp\/v2\/media\/1005"}],"wp:attachment":[{"href":"https:\/\/hogarenelmundo.riotormes.es\/index.php?rest_route=%2Fwp%2Fv2%2Fmedia&parent=758"}],"wp:term":[{"taxonomy":"category","embeddable":true,"href":"https:\/\/hogarenelmundo.riotormes.es\/index.php?rest_route=%2Fwp%2Fv2%2Fcategories&post=758"},{"taxonomy":"post_tag","embeddable":true,"href":"https:\/\/hogarenelmundo.riotormes.es\/index.php?rest_route=%2Fwp%2Fv2%2Ftags&post=758"}],"curies":[{"name":"wp","href":"https:\/\/api.w.org\/{rel}","templated":true}]}}