{"id":754,"date":"2025-03-25T10:10:27","date_gmt":"2025-03-25T09:10:27","guid":{"rendered":"https:\/\/hogarenelmundo.riotormes.es\/?p=754"},"modified":"2025-04-21T17:37:49","modified_gmt":"2025-04-21T15:37:49","slug":"que-sabemos-de-la-imagen-que-se-difunde-como-si-fuera-uno-de-los-detenidos-por-la-muerte-de-una-educadora-social-en-badajoz-no-hay-pruebas-de-que-sea-real","status":"publish","type":"post","link":"https:\/\/hogarenelmundo.riotormes.es\/?p=754","title":{"rendered":"La imagen que se difunde como si fuera uno de los detenidos por la muerte de una educadora social en Badajoz: no hay pruebas de que sea real"},"content":{"rendered":"\n<p><strong>\u00bfD\u00f3nde ha aparecido esta noticia por primera vez<\/strong>?<\/p>\n\n\n\n<p>Esta noticia aparece en las redes sociales.<\/p>\n\n\n\n<p><strong>\u00bfPor qu\u00e9 esta noticia es falsa?<\/strong><\/p>\n\n\n\n<p>\u200bLa imagen que circula en redes sociales, supuestamente mostrando a uno de los detenidos por la muerte de una educadora social en un piso tutelado de Badajoz el 9 de marzo de 2025, carece de pruebas que respalden su autenticidad. La Polic\u00eda Nacional de Badajoz ha informado que los tres menores detenidos son \u00abespa\u00f1oles de origen espa\u00f1ol\u00bb. Adem\u00e1s, herramientas de an\u00e1lisis como Sightengine sugieren que la imagen podr\u00eda haber sido generada mediante inteligencia artificial.<\/p>\n\n\n\n<p><strong>\u00bfC\u00f3mo afecta este tipo de noticias a los refugiados?<\/strong><\/p>\n\n\n\n<p>La difusi\u00f3n de informaci\u00f3n falsa como esta puede alimentar prejuicios y desinformaci\u00f3n sobre las personas migrantes, afectando negativamente su percepci\u00f3n p\u00fablica y dificultando su integraci\u00f3n en la sociedad.<\/p>\n\n\n\n<p><strong>Fuente <\/strong>: <a href=\"https:\/\/maldita.es\/migracion\/bulo\/20250312\/imagen-detenido-extranjero-muerte-educadora-social\/\">https:\/\/maldita.es\/migracion\/bulo\/20250312\/imagen-detenido-extranjero-muerte-educadora-social\/<\/a><\/p>\n\n\n\n<figure class=\"wp-block-image size-large\"><img loading=\"lazy\" decoding=\"async\" width=\"1024\" height=\"432\" src=\"https:\/\/hogarenelmundo.riotormes.es\/wp-content\/uploads\/2025\/03\/67d1915979f46portada-menores-detenidos-badajoz-3-webp-1024x432.webp\" alt=\"\" class=\"wp-image-765\" srcset=\"https:\/\/hogarenelmundo.riotormes.es\/wp-content\/uploads\/2025\/03\/67d1915979f46portada-menores-detenidos-badajoz-3-webp-1024x432.webp 1024w, https:\/\/hogarenelmundo.riotormes.es\/wp-content\/uploads\/2025\/03\/67d1915979f46portada-menores-detenidos-badajoz-3-webp-300x127.webp 300w, https:\/\/hogarenelmundo.riotormes.es\/wp-content\/uploads\/2025\/03\/67d1915979f46portada-menores-detenidos-badajoz-3-webp-768x324.webp 768w, https:\/\/hogarenelmundo.riotormes.es\/wp-content\/uploads\/2025\/03\/67d1915979f46portada-menores-detenidos-badajoz-3-webp-1536x648.webp 1536w, https:\/\/hogarenelmundo.riotormes.es\/wp-content\/uploads\/2025\/03\/67d1915979f46portada-menores-detenidos-badajoz-3-webp.webp 1600w\" sizes=\"auto, (max-width: 1024px) 100vw, 1024px\" \/><\/figure>\n\n\n\n<p><\/p>\n","protected":false},"excerpt":{"rendered":"<p>\u00bfD\u00f3nde ha aparecido esta noticia por primera vez? Esta noticia aparece en las redes sociales.&hellip;<\/p>\n","protected":false},"author":4,"featured_media":1149,"comment_status":"closed","ping_status":"closed","sticky":false,"template":"","format":"standard","meta":{"footnotes":""},"categories":[8],"tags":[],"class_list":["post-754","post","type-post","status-publish","format-standard","has-post-thumbnail","hentry","category-bulo"],"_links":{"self":[{"href":"https:\/\/hogarenelmundo.riotormes.es\/index.php?rest_route=\/wp\/v2\/posts\/754","targetHints":{"allow":["GET"]}}],"collection":[{"href":"https:\/\/hogarenelmundo.riotormes.es\/index.php?rest_route=\/wp\/v2\/posts"}],"about":[{"href":"https:\/\/hogarenelmundo.riotormes.es\/index.php?rest_route=\/wp\/v2\/types\/post"}],"author":[{"embeddable":true,"href":"https:\/\/hogarenelmundo.riotormes.es\/index.php?rest_route=\/wp\/v2\/users\/4"}],"replies":[{"embeddable":true,"href":"https:\/\/hogarenelmundo.riotormes.es\/index.php?rest_route=%2Fwp%2Fv2%2Fcomments&post=754"}],"version-history":[{"count":3,"href":"https:\/\/hogarenelmundo.riotormes.es\/index.php?rest_route=\/wp\/v2\/posts\/754\/revisions"}],"predecessor-version":[{"id":1150,"href":"https:\/\/hogarenelmundo.riotormes.es\/index.php?rest_route=\/wp\/v2\/posts\/754\/revisions\/1150"}],"wp:featuredmedia":[{"embeddable":true,"href":"https:\/\/hogarenelmundo.riotormes.es\/index.php?rest_route=\/wp\/v2\/media\/1149"}],"wp:attachment":[{"href":"https:\/\/hogarenelmundo.riotormes.es\/index.php?rest_route=%2Fwp%2Fv2%2Fmedia&parent=754"}],"wp:term":[{"taxonomy":"category","embeddable":true,"href":"https:\/\/hogarenelmundo.riotormes.es\/index.php?rest_route=%2Fwp%2Fv2%2Fcategories&post=754"},{"taxonomy":"post_tag","embeddable":true,"href":"https:\/\/hogarenelmundo.riotormes.es\/index.php?rest_route=%2Fwp%2Fv2%2Ftags&post=754"}],"curies":[{"name":"wp","href":"https:\/\/api.w.org\/{rel}","templated":true}]}}