{"id":648,"date":"2025-03-18T11:05:17","date_gmt":"2025-03-18T10:05:17","guid":{"rendered":"https:\/\/hogarenelmundo.riotormes.es\/?p=648"},"modified":"2025-03-18T12:19:05","modified_gmt":"2025-03-18T11:19:05","slug":"sigmund-freud","status":"publish","type":"post","link":"https:\/\/hogarenelmundo.riotormes.es\/?p=648","title":{"rendered":"Sigmund Freud"},"content":{"rendered":"\n<p><strong>Fecha y lugar de nacimiento:<\/strong><\/p>\n\n\n\n<ul class=\"wp-block-list\">\n<li><strong>Fecha<\/strong>: 6 de mayo de 1856.<\/li>\n\n\n\n<li><strong>Lugar<\/strong>: Freiberg, en lo que hoy es la Rep\u00fablica Checa (en aquel tiempo pertenec\u00eda al Imperio Austroh\u00fangaro).<\/li>\n<\/ul>\n\n\n\n<p><strong>Pa\u00eds o pa\u00edses de acogida:<\/strong><\/p>\n\n\n\n<ul class=\"wp-block-list\">\n<li>Freud se traslad\u00f3 a <strong>Inglaterra<\/strong> en 1938, despu\u00e9s de que el r\u00e9gimen nazi en Alemania comenzara a tomar control y comenzara la persecuci\u00f3n de los jud\u00edos.<\/li>\n<\/ul>\n\n\n\n<p><strong>Causa de salida de su pa\u00eds o pa\u00edses de acogida:<\/strong><\/p>\n\n\n\n<ul class=\"wp-block-list\">\n<li><strong>Persecuci\u00f3n nazi<\/strong>: Freud, siendo de origen jud\u00edo, se vio forzado a abandonar Viena (Austria) cuando los nazis invadieron Austria en 1938. Debido a su condici\u00f3n de jud\u00edo y a sus cr\u00edticas al r\u00e9gimen nazi, estuvo en peligro de ser arrestado o peor, por lo que emigr\u00f3 a Inglaterra.<\/li>\n<\/ul>\n\n\n\n<p><strong>Formaci\u00f3n acad\u00e9mica:<\/strong><\/p>\n\n\n\n<ul class=\"wp-block-list\">\n<li>Freud estudi\u00f3 <strong>medicina<\/strong> en la <strong>Universidad de Viena<\/strong> y se gradu\u00f3 como <strong>m\u00e9dico<\/strong> en 1881. A lo largo de su vida, continu\u00f3 profundizando en campos como la neurolog\u00eda, lo que finalmente lo llev\u00f3 a desarrollar la teor\u00eda psicoanal\u00edtica.<\/li>\n<\/ul>\n\n\n\n<p><strong>Breve biograf\u00eda:<\/strong> Sigmund Freud fue un neur\u00f3logo y el fundador del <strong>psicoan\u00e1lisis<\/strong>, una teor\u00eda revolucionaria sobre la mente humana y sus procesos inconscientes. Nacido en una familia jud\u00eda en lo que hoy es la Rep\u00fablica Checa, Freud creci\u00f3 en Viena, donde desarroll\u00f3 su carrera y formul\u00f3 las bases de su teor\u00eda psicol\u00f3gica.<\/p>\n\n\n\n<p>Freud es conocido principalmente por su trabajo sobre el <strong>inconsciente<\/strong>, la <strong>sexualidad<\/strong> infantil, los <strong>complejos de Edipo<\/strong> y sus teor\u00edas sobre los mecanismos de defensa, entre otros conceptos. Sus ideas influyeron profundamente en la psicolog\u00eda, la filosof\u00eda, la literatura y el arte, aunque tambi\u00e9n fueron muy controvertidas.<\/p>\n\n\n\n<p>En los primeros a\u00f1os de su carrera, Freud se dedic\u00f3 a la neurolog\u00eda, pero a medida que avanzaba su investigaci\u00f3n, comenz\u00f3 a desarrollar su teor\u00eda psicoanal\u00edtica, que basaba en gran parte en la interpretaci\u00f3n de los sue\u00f1os y en los procesos inconscientes de la mente. Su obra m\u00e1s famosa, <strong>\u00abLa interpretaci\u00f3n de los sue\u00f1os\u00bb (1900)<\/strong>, sent\u00f3 las bases para el psicoan\u00e1lisis y marc\u00f3 un antes y un despu\u00e9s en la forma de entender el funcionamiento de la mente humana.<\/p>\n\n\n\n<p>A lo largo de su vida, Freud escribi\u00f3 numerosos libros y art\u00edculos, y estableci\u00f3 un c\u00edrculo de seguidores y disc\u00edpulos que ayudaron a expandir sus teor\u00edas, aunque tambi\u00e9n tuvo muchas cr\u00edticas y fue objeto de controversia. Debido al ascenso del r\u00e9gimen nazi y a su origen jud\u00edo, Freud se vio obligado a emigrar a Inglaterra en 1938, donde continu\u00f3 trabajando hasta su muerte en 1939.<\/p>\n\n\n\n<p>Hoy en d\u00eda, aunque algunas de sus teor\u00edas han sido cuestionadas o modificadas, el impacto de Freud en el desarrollo de la psicolog\u00eda moderna y las ciencias sociales sigue siendo profundo.<\/p>\n","protected":false},"excerpt":{"rendered":"<p>Fecha y lugar de nacimiento: Pa\u00eds o pa\u00edses de acogida: Causa de salida de su&hellip;<\/p>\n","protected":false},"author":18,"featured_media":652,"comment_status":"closed","ping_status":"closed","sticky":false,"template":"","format":"standard","meta":{"footnotes":""},"categories":[4],"tags":[],"class_list":["post-648","post","type-post","status-publish","format-standard","has-post-thumbnail","hentry","category-refugiados"],"_links":{"self":[{"href":"https:\/\/hogarenelmundo.riotormes.es\/index.php?rest_route=\/wp\/v2\/posts\/648","targetHints":{"allow":["GET"]}}],"collection":[{"href":"https:\/\/hogarenelmundo.riotormes.es\/index.php?rest_route=\/wp\/v2\/posts"}],"about":[{"href":"https:\/\/hogarenelmundo.riotormes.es\/index.php?rest_route=\/wp\/v2\/types\/post"}],"author":[{"embeddable":true,"href":"https:\/\/hogarenelmundo.riotormes.es\/index.php?rest_route=\/wp\/v2\/users\/18"}],"replies":[{"embeddable":true,"href":"https:\/\/hogarenelmundo.riotormes.es\/index.php?rest_route=%2Fwp%2Fv2%2Fcomments&post=648"}],"version-history":[{"count":2,"href":"https:\/\/hogarenelmundo.riotormes.es\/index.php?rest_route=\/wp\/v2\/posts\/648\/revisions"}],"predecessor-version":[{"id":656,"href":"https:\/\/hogarenelmundo.riotormes.es\/index.php?rest_route=\/wp\/v2\/posts\/648\/revisions\/656"}],"wp:featuredmedia":[{"embeddable":true,"href":"https:\/\/hogarenelmundo.riotormes.es\/index.php?rest_route=\/wp\/v2\/media\/652"}],"wp:attachment":[{"href":"https:\/\/hogarenelmundo.riotormes.es\/index.php?rest_route=%2Fwp%2Fv2%2Fmedia&parent=648"}],"wp:term":[{"taxonomy":"category","embeddable":true,"href":"https:\/\/hogarenelmundo.riotormes.es\/index.php?rest_route=%2Fwp%2Fv2%2Fcategories&post=648"},{"taxonomy":"post_tag","embeddable":true,"href":"https:\/\/hogarenelmundo.riotormes.es\/index.php?rest_route=%2Fwp%2Fv2%2Ftags&post=648"}],"curies":[{"name":"wp","href":"https:\/\/api.w.org\/{rel}","templated":true}]}}