{"id":365,"date":"2025-02-14T14:06:44","date_gmt":"2025-02-14T13:06:44","guid":{"rendered":"https:\/\/hogarenelmundo.riotormes.es\/?p=365"},"modified":"2025-02-28T14:04:17","modified_gmt":"2025-02-28T13:04:17","slug":"ida-vitale","status":"publish","type":"post","link":"https:\/\/hogarenelmundo.riotormes.es\/?p=365","title":{"rendered":"Ida Vitale"},"content":{"rendered":"\n<h3 class=\"wp-block-heading\">NOMBRE:<\/h3>\n\n\n\n<p>Ida Vitale<\/p>\n\n\n\n<h3 class=\"wp-block-heading\">FECHA Y LUGAR DE NACIMIENTO:<\/h3>\n\n\n\n<p>Fecha: 2 de noviembre de 1923<br>Lugar: Montevideo, Uruguay<\/p>\n\n\n\n<h3 class=\"wp-block-heading\">PA\u00cdS O PA\u00cdSES DE ACOGIDA:<\/h3>\n\n\n\n<ul class=\"wp-block-list\">\n<li>M\u00e9xico (se exili\u00f3 all\u00ed debido a la situaci\u00f3n pol\u00edtica en Uruguay)<\/li>\n\n\n\n<li>Tambi\u00e9n vivi\u00f3 en otras ciudades fuera de Uruguay durante su exilio, especialmente en Europa.<\/li>\n<\/ul>\n\n\n\n<h3 class=\"wp-block-heading\">CAUSA DE SALIDA DE SU PA\u00cdS DE ORIGEN:<\/h3>\n\n\n\n<p>Ida Vitale se vio obligada a salir de Uruguay debido a la dictadura militar que se instaur\u00f3 en el pa\u00eds en 1973. El r\u00e9gimen dictatorial persegu\u00eda a opositores pol\u00edticos, y Vitale, que ten\u00eda una postura cr\u00edtica hacia el gobierno, se exili\u00f3 en 1974.<\/p>\n\n\n\n<h3 class=\"wp-block-heading\">FORMACI\u00d3N ACAD\u00c9MICA:<\/h3>\n\n\n\n<ul class=\"wp-block-list\">\n<li>Ida Vitale estudi\u00f3 en la <strong>Universidad de la Rep\u00fablica<\/strong> en Montevideo, donde se form\u00f3 en <strong>Literatura<\/strong>.<\/li>\n\n\n\n<li>Su formaci\u00f3n acad\u00e9mica fue acompa\u00f1ada por su intensa carrera literaria, destac\u00e1ndose como poeta, ensayista y traductora.<\/li>\n<\/ul>\n\n\n\n<h3 class=\"wp-block-heading\">BREVE BIOGRAF\u00cdA:<\/h3>\n\n\n\n<p>Ida Vitale es una de las escritoras m\u00e1s importantes de Uruguay y una de las figuras clave en la literatura en espa\u00f1ol contempor\u00e1nea. Su obra se caracteriza por su profundidad l\u00edrica y reflexiva, abordando temas como el paso del tiempo, la memoria y la existencia. Fue parte del <strong>Movimiento de la Poes\u00eda del 45<\/strong> en Uruguay, un grupo de escritores que se destac\u00f3 por su trabajo innovador.<\/p>\n\n\n\n<p>A lo largo de su vida, Vitale ha sido reconocida con numerosos premios y distinciones, tanto a nivel nacional como internacional. En 2018, recibi\u00f3 el <strong>Premio Cervantes<\/strong>, considerado el m\u00e1s prestigioso en el \u00e1mbito literario en espa\u00f1ol. Su poes\u00eda es conocida por su precisi\u00f3n, econom\u00eda verbal y belleza formal.<\/p>\n\n\n\n<p>Durante su exilio, vivi\u00f3 en <strong>M\u00e9xico<\/strong> y en diversas ciudades de Europa, especialmente en Espa\u00f1a, donde continu\u00f3 con su labor literaria y acad\u00e9mica. Despu\u00e9s de varios a\u00f1os en el extranjero, retorn\u00f3 a Uruguay, donde sigue siendo una figura de referencia en la literatura.<\/p>\n\n\n\n<h3 class=\"wp-block-heading\">FUENTES:<\/h3>\n\n\n\n<ul class=\"wp-block-list\">\n<li>Informaci\u00f3n general obtenida de varias fuentes literarias y biogr\u00e1ficas.<\/li>\n\n\n\n<li><em>\u00abIda Vitale. Una vida de poes\u00eda y compromiso\u00bb<\/em> (art\u00edculos de referencia literaria).<\/li>\n\n\n\n<li><em>Premio Cervantes<\/em> (informaci\u00f3n de galardones y premios).<\/li>\n<\/ul>\n\n\n\n<p><\/p>\n","protected":false},"excerpt":{"rendered":"<p>NOMBRE: Ida Vitale FECHA Y LUGAR DE NACIMIENTO: Fecha: 2 de noviembre de 1923Lugar: Montevideo,&hellip;<\/p>\n","protected":false},"author":20,"featured_media":370,"comment_status":"closed","ping_status":"","sticky":false,"template":"","format":"standard","meta":{"footnotes":""},"categories":[4],"tags":[],"class_list":["post-365","post","type-post","status-publish","format-standard","has-post-thumbnail","hentry","category-refugiados"],"_links":{"self":[{"href":"https:\/\/hogarenelmundo.riotormes.es\/index.php?rest_route=\/wp\/v2\/posts\/365","targetHints":{"allow":["GET"]}}],"collection":[{"href":"https:\/\/hogarenelmundo.riotormes.es\/index.php?rest_route=\/wp\/v2\/posts"}],"about":[{"href":"https:\/\/hogarenelmundo.riotormes.es\/index.php?rest_route=\/wp\/v2\/types\/post"}],"author":[{"embeddable":true,"href":"https:\/\/hogarenelmundo.riotormes.es\/index.php?rest_route=\/wp\/v2\/users\/20"}],"replies":[{"embeddable":true,"href":"https:\/\/hogarenelmundo.riotormes.es\/index.php?rest_route=%2Fwp%2Fv2%2Fcomments&post=365"}],"version-history":[{"count":2,"href":"https:\/\/hogarenelmundo.riotormes.es\/index.php?rest_route=\/wp\/v2\/posts\/365\/revisions"}],"predecessor-version":[{"id":401,"href":"https:\/\/hogarenelmundo.riotormes.es\/index.php?rest_route=\/wp\/v2\/posts\/365\/revisions\/401"}],"wp:featuredmedia":[{"embeddable":true,"href":"https:\/\/hogarenelmundo.riotormes.es\/index.php?rest_route=\/wp\/v2\/media\/370"}],"wp:attachment":[{"href":"https:\/\/hogarenelmundo.riotormes.es\/index.php?rest_route=%2Fwp%2Fv2%2Fmedia&parent=365"}],"wp:term":[{"taxonomy":"category","embeddable":true,"href":"https:\/\/hogarenelmundo.riotormes.es\/index.php?rest_route=%2Fwp%2Fv2%2Fcategories&post=365"},{"taxonomy":"post_tag","embeddable":true,"href":"https:\/\/hogarenelmundo.riotormes.es\/index.php?rest_route=%2Fwp%2Fv2%2Ftags&post=365"}],"curies":[{"name":"wp","href":"https:\/\/api.w.org\/{rel}","templated":true}]}}