{"id":350,"date":"2025-02-03T10:08:59","date_gmt":"2025-02-03T09:08:59","guid":{"rendered":"https:\/\/hogarenelmundo.riotormes.es\/?p=350"},"modified":"2025-03-22T16:11:23","modified_gmt":"2025-03-22T15:11:23","slug":"plantilla-noticia-no-modificar-solo-copiar","status":"publish","type":"post","link":"https:\/\/hogarenelmundo.riotormes.es\/?p=350","title":{"rendered":"En Vitoria, una antigua cl\u00ednica se convertir\u00e1 en un centro de refugiados"},"content":{"rendered":"\n<p>En Vitoria, las obras para convertir la antigua cl\u00ednica Arana en un centro de refugiados comenzaron en diciembre, con una duraci\u00f3n de 14 meses y un presupuesto de 16 millones de euros financiados por fondos europeos. El centro acoger\u00e1 a 350 personas y contar\u00e1 con mejoras energ\u00e9ticas, instalaciones deportivas y espacios de integraci\u00f3n. El Gobierno Vasco, sin embargo, ha expresado su preferencia por modelos m\u00e1s personalizados.<\/p>\n\n\n\n<p><strong>Implicaciones:<\/strong><\/p>\n\n\n\n<p>\u2022&nbsp;<strong>Positivas:<\/strong>&nbsp;Proporcionar\u00e1 alojamiento seguro, servicios b\u00e1sicos y oportunidades de integraci\u00f3n para los refugiados, fomentando su bienestar y participaci\u00f3n comunitaria.<\/p>\n\n\n\n<p>\u2022&nbsp;<strong>Negativas:<\/strong>&nbsp;La capacidad limitada podr\u00eda excluir a otros necesitados, y la falta de enfoque individualizado podr\u00eda no atender adecuadamente sus necesidades espec\u00edficas.<\/p>\n\n\n\n<h3 class=\"wp-block-heading\"><strong>Fuente original:<\/strong><\/h3>\n\n\n\n<p><a href=\"https:\/\/cadenaser.com\/euskadi\/2024\/11\/26\/las-obras-para-convertir-la-antigua-clinica-arana-en-un-centro-de-refugiados-comenzaran-en-diciembre-ser-vitoria\/\">https:\/\/cadenaser.com\/euskadi\/2024\/11\/26\/las-obras-para-convertir-la-antigua-clinica-arana-en-un-centro-de-refugiados-comenzaran-en-diciembre-ser-vitoria\/<\/a><\/p>\n\n\n\n<p><\/p>\n","protected":false},"excerpt":{"rendered":"<p>En Vitoria, las obras para convertir la antigua cl\u00ednica Arana en un centro de refugiados&hellip;<\/p>\n","protected":false},"author":1,"featured_media":347,"comment_status":"closed","ping_status":"closed","sticky":false,"template":"","format":"standard","meta":{"footnotes":""},"categories":[7],"tags":[],"class_list":["post-350","post","type-post","status-publish","format-standard","has-post-thumbnail","hentry","category-asilo"],"_links":{"self":[{"href":"https:\/\/hogarenelmundo.riotormes.es\/index.php?rest_route=\/wp\/v2\/posts\/350","targetHints":{"allow":["GET"]}}],"collection":[{"href":"https:\/\/hogarenelmundo.riotormes.es\/index.php?rest_route=\/wp\/v2\/posts"}],"about":[{"href":"https:\/\/hogarenelmundo.riotormes.es\/index.php?rest_route=\/wp\/v2\/types\/post"}],"author":[{"embeddable":true,"href":"https:\/\/hogarenelmundo.riotormes.es\/index.php?rest_route=\/wp\/v2\/users\/1"}],"replies":[{"embeddable":true,"href":"https:\/\/hogarenelmundo.riotormes.es\/index.php?rest_route=%2Fwp%2Fv2%2Fcomments&post=350"}],"version-history":[{"count":2,"href":"https:\/\/hogarenelmundo.riotormes.es\/index.php?rest_route=\/wp\/v2\/posts\/350\/revisions"}],"predecessor-version":[{"id":698,"href":"https:\/\/hogarenelmundo.riotormes.es\/index.php?rest_route=\/wp\/v2\/posts\/350\/revisions\/698"}],"wp:featuredmedia":[{"embeddable":true,"href":"https:\/\/hogarenelmundo.riotormes.es\/index.php?rest_route=\/wp\/v2\/media\/347"}],"wp:attachment":[{"href":"https:\/\/hogarenelmundo.riotormes.es\/index.php?rest_route=%2Fwp%2Fv2%2Fmedia&parent=350"}],"wp:term":[{"taxonomy":"category","embeddable":true,"href":"https:\/\/hogarenelmundo.riotormes.es\/index.php?rest_route=%2Fwp%2Fv2%2Fcategories&post=350"},{"taxonomy":"post_tag","embeddable":true,"href":"https:\/\/hogarenelmundo.riotormes.es\/index.php?rest_route=%2Fwp%2Fv2%2Ftags&post=350"}],"curies":[{"name":"wp","href":"https:\/\/api.w.org\/{rel}","templated":true}]}}