{"id":212,"date":"2025-02-11T10:00:40","date_gmt":"2025-02-11T09:00:40","guid":{"rendered":"https:\/\/hogarenelmundo.riotormes.es\/?p=212"},"modified":"2025-03-11T13:08:04","modified_gmt":"2025-03-11T12:08:04","slug":"plantilla-de-refugiados-4","status":"publish","type":"post","link":"https:\/\/hogarenelmundo.riotormes.es\/?p=212","title":{"rendered":"Dos j\u00f3venes afirman cobrar entre 1.500 y 2.000 euros al mes solo por ser marroqu\u00edes."},"content":{"rendered":"\n<h4 class=\"wp-block-heading\"><strong>1. Noticia falsa:<\/strong><\/h4>\n\n\n\n<figure class=\"wp-block-embed is-type-rich is-provider-twitter wp-block-embed-twitter\"><div class=\"wp-block-embed__wrapper\">\n<blockquote class=\"twitter-tweet\" data-width=\"500\" data-dnt=\"true\"><p lang=\"es\" dir=\"ltr\">Este es el claro ejemplo de ser unos putos lameculos del gobierno. Espa\u00f1a, enserio quereis esto?<br><br>Yo desde luego no.<br>Ademas, me parece una autentica aberracion que estos estupidos cobren 2000\u20ac por la cara por ser de marruecos. <br>Ose, a mi que me den una puta patada en los\ud83e\udd5a\ud83e\udd5a <a href=\"https:\/\/t.co\/8RlE6R4amd\">https:\/\/t.co\/8RlE6R4amd<\/a><\/p>&mdash; SOLDADO \u00ba1 Class (@DaniDEP_) <a href=\"https:\/\/twitter.com\/DaniDEP_\/status\/1840669334097576443?ref_src=twsrc%5Etfw\">September 30, 2024<\/a><\/blockquote><script async src=\"https:\/\/platform.twitter.com\/widgets.js\" charset=\"utf-8\"><\/script>\n<\/div><\/figure>\n\n\n\n<ul class=\"wp-block-list\">\n<li><strong>V\u00eddeo difundido:<\/strong> Entrevista a dos j\u00f3venes que afirman cobrar entre 1.500 y 2.000 euros al mes solo por ser marroqu\u00edes.<\/li>\n\n\n\n<li><strong>Mensaje viral:<\/strong> \u00abMe parece una aut\u00e9ntica aberraci\u00f3n que estos est\u00fapidos cobren 2000\u20ac por la cara por ser de Marruecos\u201d (sic.).<\/li>\n\n\n\n<li><strong>Origen del v\u00eddeo:<\/strong> Publicado en TikTok e Instagram por la misma autora.<\/li>\n<\/ul>\n\n\n\n<h4 class=\"wp-block-heading\"><strong>2. Por qu\u00e9 es falsa:<\/strong><\/h4>\n\n\n\n<ul class=\"wp-block-list\">\n<li><strong>Etiqueta de humor:<\/strong>\n<ul class=\"wp-block-list\">\n<li>En <strong>Instagram<\/strong>, el v\u00eddeo est\u00e1 etiquetado con hashtags como \u00abhumor\u00bb y \u00abhumor negro\u00bb.<\/li>\n\n\n\n<li>En <strong>TikTok<\/strong>, no lleva esta etiqueta, lo que facilita que se difunda como si fuera real.<\/li>\n<\/ul>\n<\/li>\n\n\n\n<li><strong>An\u00e1lisis de Maldita.es:<\/strong>\n<ul class=\"wp-block-list\">\n<li>Han identificado otros v\u00eddeos similares con la etiqueta \u00abhumor\u00bb, pero que se difunden como aut\u00e9nticos.<\/li>\n<\/ul>\n<\/li>\n\n\n\n<li><strong>Contradicciones legales:<\/strong>\n<ul class=\"wp-block-list\">\n<li>El <strong>Ingreso M\u00ednimo Vital<\/strong> exige residencia legal y continuada en Espa\u00f1a durante al menos un a\u00f1o antes de solicitarlo.<\/li>\n\n\n\n<li>Las becas del Ministerio de Educaci\u00f3n requieren <strong>nacionalidad espa\u00f1ola<\/strong> o de alg\u00fan pa\u00eds miembro de la Uni\u00f3n Europea.<\/li>\n<\/ul>\n<\/li>\n<\/ul>\n\n\n\n<h4 class=\"wp-block-heading\"><strong>3. C\u00f3mo afecta a los refugiados:<\/strong><\/h4>\n\n\n\n<ul class=\"wp-block-list\">\n<li><strong>Fomentaci\u00f3n de prejuicios:<\/strong> El v\u00eddeo refuerza estereotipos y mensajes xen\u00f3fobos, como \u00abPara esto nos roba el gobierno, para d\u00e1rselo a los de fuera\u00bb (sic.).<\/li>\n\n\n\n<li><strong>Desinformaci\u00f3n:<\/strong> La difusi\u00f3n de este contenido como real perpet\u00faa falsedades sobre ayudas exclusivas a personas migrantes.<\/li>\n\n\n\n<li><strong>Impacto social:<\/strong> Incrementa la hostilidad y el rechazo hacia refugiados y personas migrantes, dificultando su integraci\u00f3n y percepci\u00f3n en la sociedad.<\/li>\n<\/ul>\n\n\n\n<p><strong>Fuente:<\/strong> <a href=\"https:\/\/maldita.es\/migracion\/bulo\/20241226\/video-2000-euros-ayudas-marroquies-humor\/\">https:\/\/maldita.es\/migracion\/bulo\/20241226\/video-2000-euros-ayudas-marroquies-humor\/<\/a><\/p>\n","protected":false},"excerpt":{"rendered":"<p>1. Noticia falsa: 2. Por qu\u00e9 es falsa: 3. C\u00f3mo afecta a los refugiados: Fuente:&hellip;<\/p>\n","protected":false},"author":18,"featured_media":530,"comment_status":"closed","ping_status":"open","sticky":false,"template":"","format":"standard","meta":{"footnotes":""},"categories":[8],"tags":[],"class_list":["post-212","post","type-post","status-publish","format-standard","has-post-thumbnail","hentry","category-bulo"],"_links":{"self":[{"href":"https:\/\/hogarenelmundo.riotormes.es\/index.php?rest_route=\/wp\/v2\/posts\/212","targetHints":{"allow":["GET"]}}],"collection":[{"href":"https:\/\/hogarenelmundo.riotormes.es\/index.php?rest_route=\/wp\/v2\/posts"}],"about":[{"href":"https:\/\/hogarenelmundo.riotormes.es\/index.php?rest_route=\/wp\/v2\/types\/post"}],"author":[{"embeddable":true,"href":"https:\/\/hogarenelmundo.riotormes.es\/index.php?rest_route=\/wp\/v2\/users\/18"}],"replies":[{"embeddable":true,"href":"https:\/\/hogarenelmundo.riotormes.es\/index.php?rest_route=%2Fwp%2Fv2%2Fcomments&post=212"}],"version-history":[{"count":6,"href":"https:\/\/hogarenelmundo.riotormes.es\/index.php?rest_route=\/wp\/v2\/posts\/212\/revisions"}],"predecessor-version":[{"id":332,"href":"https:\/\/hogarenelmundo.riotormes.es\/index.php?rest_route=\/wp\/v2\/posts\/212\/revisions\/332"}],"wp:featuredmedia":[{"embeddable":true,"href":"https:\/\/hogarenelmundo.riotormes.es\/index.php?rest_route=\/wp\/v2\/media\/530"}],"wp:attachment":[{"href":"https:\/\/hogarenelmundo.riotormes.es\/index.php?rest_route=%2Fwp%2Fv2%2Fmedia&parent=212"}],"wp:term":[{"taxonomy":"category","embeddable":true,"href":"https:\/\/hogarenelmundo.riotormes.es\/index.php?rest_route=%2Fwp%2Fv2%2Fcategories&post=212"},{"taxonomy":"post_tag","embeddable":true,"href":"https:\/\/hogarenelmundo.riotormes.es\/index.php?rest_route=%2Fwp%2Fv2%2Ftags&post=212"}],"curies":[{"name":"wp","href":"https:\/\/api.w.org\/{rel}","templated":true}]}}