{"id":1122,"date":"2025-04-18T17:40:33","date_gmt":"2025-04-18T15:40:33","guid":{"rendered":"https:\/\/hogarenelmundo.riotormes.es\/?p=1122"},"modified":"2025-04-23T08:31:08","modified_gmt":"2025-04-23T06:31:08","slug":"exteriores-concede-un-visado-humanitario-a-una-afgana-perseguida-pero-la-deja-sin-proteccion-al-llegar-a-espana","status":"publish","type":"post","link":"https:\/\/hogarenelmundo.riotormes.es\/?p=1122","title":{"rendered":"Conceden un visado humanitario a una afgana perseguida pero la dejan sin protecci\u00f3n al llegar a Espa\u00f1a"},"content":{"rendered":"\n<p><span style=\"white-space: normal; caret-color: rgb(0, 0, 0); color: rgb(0, 0, 0); font-size: medium;\">\u200b<\/span><span class=\"relative -mx-px my-[-0.2rem] rounded px-px py-[0.2rem] transition-colors duration-100 ease-in-out\" style=\"white-space: normal; caret-color: rgb(0, 0, 0); color: rgb(0, 0, 0);\">La noticia publicada por&nbsp;<em data-start=\"25\" data-end=\"34\">El Pa\u00eds<\/em>&nbsp;el 14 de abril de 2025 relata el caso de Hamida Sultani, una activista afgana de 31 a\u00f1os que huy\u00f3 de su pa\u00eds tras recibir amenazas de muerte por parte de los talibanes debido a su defensa de los derechos de las mujeres.<\/span><span style=\"white-space: normal; caret-color: rgb(0, 0, 0); color: rgb(0, 0, 0); font-size: medium;\">&nbsp;<\/span><span class=\"relative -mx-px my-[-0.2rem] rounded px-px py-[0.2rem] transition-colors duration-100 ease-in-out\" style=\"white-space: normal; caret-color: rgb(0, 0, 0); color: rgb(0, 0, 0);\">La Embajada de Espa\u00f1a en Pakist\u00e1n le concedi\u00f3 un visado humanitario, pero al llegar al aeropuerto de Barajas, Sultani no fue integrada en el sistema de acogida para solicitantes de asilo, quedando sin recursos ni alojamiento.<\/span><span style=\"white-space: normal; caret-color: rgb(0, 0, 0); color: rgb(0, 0, 0); font-size: medium;\">&nbsp;<\/span><span class=\"relative -mx-px my-[-0.2rem] rounded px-px py-[0.2rem] transition-colors duration-100 ease-in-out\" style=\"white-space: normal; caret-color: rgb(0, 0, 0); color: rgb(0, 0, 0);\">La diferencia con casos anteriores radica en que no se le proporcion\u00f3 un documento adicional que acreditara el respaldo del gobierno espa\u00f1ol para solicitar protecci\u00f3n internacional, lo que le impidi\u00f3 iniciar el tr\u00e1mite en la frontera.<\/span><span style=\"white-space: normal; caret-color: rgb(0, 0, 0); color: rgb(0, 0, 0); font-size: medium;\">&nbsp;<\/span><span class=\"relative -mx-px my-[-0.2rem] rounded px-px py-[0.2rem] transition-colors duration-100 ease-in-out\" style=\"white-space: normal; caret-color: rgb(0, 0, 0); color: rgb(0, 0, 0);\">Las autoridades alegaron que deb\u00eda haber solicitado asilo en frontera, pero la activista que la acogi\u00f3, Khadija Amin, asegura que no se le inform\u00f3 de este requisito.<\/span><span style=\"white-space: normal; caret-color: rgb(0, 0, 0); color: rgb(0, 0, 0); font-size: medium;\">&nbsp;<\/span><span class=\"relative -mx-px my-[-0.2rem] rounded px-px py-[0.2rem] transition-colors duration-100 ease-in-out\" style=\"white-space: normal; caret-color: rgb(0, 0, 0); color: rgb(0, 0, 0);\">Este caso evidencia una posible modificaci\u00f3n en el procedimiento para refugiadas afganas, generando incertidumbre y riesgo de exclusi\u00f3n para otras mujeres en situaci\u00f3n similar.<\/span><span style=\"white-space: normal; caret-color: rgb(0, 0, 0); color: rgb(0, 0, 0); font-size: medium;\"><\/span><\/p>\n\n\n\n<h4 class=\"wp-block-heading\">\u00bfQu\u00e9 implicaciones tiene esta noticia para los refugiados?<\/h4>\n\n\n\n<p><strong>Implicaciones positivas<\/strong><\/p>\n\n\n\n<ol class=\"wp-block-list\">\n<li><strong>Acceso al visado humanitario<\/strong>:&nbsp;La concesi\u00f3n del visado demuestra la disposici\u00f3n del gobierno espa\u00f1ol para ofrecer v\u00edas legales de entrada a personas en situaci\u00f3n de riesgo, evitando rutas peligrosas.\u200b<\/li>\n\n\n\n<li><strong>Solidaridad ciudadana<\/strong>:&nbsp;La intervenci\u00f3n de activistas como Khadija Amin resalta el papel crucial de la sociedad civil en la protecci\u00f3n y apoyo a los refugiados.\u200b<\/li>\n<\/ol>\n\n\n\n<p><strong>Implicaciones negativas<\/strong><\/p>\n\n\n\n<ol class=\"wp-block-list\">\n<li><strong>Falta de informaci\u00f3n y coordinaci\u00f3n<\/strong>:&nbsp;La ausencia del documento adicional y la falta de comunicaci\u00f3n sobre los procedimientos necesarios dejaron a Sultani en una situaci\u00f3n de vulnerabilidad.\u200b<\/li>\n\n\n\n<li><strong>Cambios en los procedimientos sin aviso<\/strong>:&nbsp;La aparente modificaci\u00f3n en el protocolo para refugiadas afganas, sin una comunicaci\u00f3n clara, puede generar confusi\u00f3n y desprotecci\u00f3n para futuras solicitantes.\u200b<\/li>\n\n\n\n<li><strong>Colapso del sistema de citas en Extranjer\u00eda<\/strong>:&nbsp;La dificultad para obtener citas agrava la situaci\u00f3n de los solicitantes de asilo, dej\u00e1ndolos en un limbo legal y sin acceso a recursos b\u00e1sicos.\u200b<\/li>\n<\/ol>\n\n\n\n<p><strong>Fuente:<\/strong> <a href=\"https:\/\/elpais.com\/espana\/2025-04-14\/exteriores-concede-un-visado-humanitario-a-una-afgana-perseguida-pero-la-deja-sin-proteccion-al-llegar-a-espana.html\">https:\/\/elpais.com\/espana\/2025-04-14\/exteriores-concede-un-visado-humanitario-a-una-afgana-perseguida-pero-la-deja-sin-proteccion-al-llegar-a-espana.html<\/a><\/p>\n\n\n\n<p><\/p>\n","protected":false},"excerpt":{"rendered":"<p>\u200bLa noticia publicada por&nbsp;El Pa\u00eds&nbsp;el 14 de abril de 2025 relata el caso de Hamida&hellip;<\/p>\n","protected":false},"author":1,"featured_media":1206,"comment_status":"closed","ping_status":"closed","sticky":false,"template":"","format":"standard","meta":{"footnotes":""},"categories":[7],"tags":[],"class_list":["post-1122","post","type-post","status-publish","format-standard","has-post-thumbnail","hentry","category-asilo"],"_links":{"self":[{"href":"https:\/\/hogarenelmundo.riotormes.es\/index.php?rest_route=\/wp\/v2\/posts\/1122","targetHints":{"allow":["GET"]}}],"collection":[{"href":"https:\/\/hogarenelmundo.riotormes.es\/index.php?rest_route=\/wp\/v2\/posts"}],"about":[{"href":"https:\/\/hogarenelmundo.riotormes.es\/index.php?rest_route=\/wp\/v2\/types\/post"}],"author":[{"embeddable":true,"href":"https:\/\/hogarenelmundo.riotormes.es\/index.php?rest_route=\/wp\/v2\/users\/1"}],"replies":[{"embeddable":true,"href":"https:\/\/hogarenelmundo.riotormes.es\/index.php?rest_route=%2Fwp%2Fv2%2Fcomments&post=1122"}],"version-history":[{"count":4,"href":"https:\/\/hogarenelmundo.riotormes.es\/index.php?rest_route=\/wp\/v2\/posts\/1122\/revisions"}],"predecessor-version":[{"id":1208,"href":"https:\/\/hogarenelmundo.riotormes.es\/index.php?rest_route=\/wp\/v2\/posts\/1122\/revisions\/1208"}],"wp:featuredmedia":[{"embeddable":true,"href":"https:\/\/hogarenelmundo.riotormes.es\/index.php?rest_route=\/wp\/v2\/media\/1206"}],"wp:attachment":[{"href":"https:\/\/hogarenelmundo.riotormes.es\/index.php?rest_route=%2Fwp%2Fv2%2Fmedia&parent=1122"}],"wp:term":[{"taxonomy":"category","embeddable":true,"href":"https:\/\/hogarenelmundo.riotormes.es\/index.php?rest_route=%2Fwp%2Fv2%2Fcategories&post=1122"},{"taxonomy":"post_tag","embeddable":true,"href":"https:\/\/hogarenelmundo.riotormes.es\/index.php?rest_route=%2Fwp%2Fv2%2Ftags&post=1122"}],"curies":[{"name":"wp","href":"https:\/\/api.w.org\/{rel}","templated":true}]}}