{"id":1091,"date":"2025-04-08T16:33:36","date_gmt":"2025-04-08T14:33:36","guid":{"rendered":"https:\/\/hogarenelmundo.riotormes.es\/?p=1091"},"modified":"2025-04-08T16:33:36","modified_gmt":"2025-04-08T14:33:36","slug":"maria-von-trapp","status":"publish","type":"post","link":"https:\/\/hogarenelmundo.riotormes.es\/?p=1091","title":{"rendered":"Maria Von Trapp"},"content":{"rendered":"\n<p><strong>NOMBRE COMPLETO: <\/strong><\/p>\n\n\n\n<p>Maria von Trapp<\/p>\n\n\n\n<p><strong>FECHA Y LUGAR DE NACIMIENTO.<\/strong><\/p>\n\n\n\n<p>26 de enero de 1905, en Viena, entonces Imperio Austroh\u00fangaro (actual Austria)<\/p>\n\n\n\n<p><strong>PA\u00cdS O PAISES DE ACOGIDA.<\/strong><\/p>\n\n\n\n<p>Estados Unidos.<\/p>\n\n\n\n<p><strong>CAUSA DE SALIDA DE SU PA\u00cdS DE ORIGEN.<\/strong><\/p>\n\n\n\n<p>Huida del r\u00e9gimen nazi tras la anexi\u00f3n de Austria (Anschluss) por la Alemania de Hitler en 1938. La familia se neg\u00f3 a colaborar con el r\u00e9gimen nazi, y Georg von Trapp, capit\u00e1n de la marina austriaca y esposo de Maria, rechaz\u00f3 una oferta de incorporarse a la marina nazi.<\/p>\n\n\n\n<p><strong>FORMACI\u00d3N ACAD\u00c9MICA<\/strong><\/p>\n\n\n\n<p>\u2022&nbsp;Fue educada por familiares despu\u00e9s de quedar hu\u00e9rfana a los seis a\u00f1os.<\/p>\n\n\n\n<p>\u2022&nbsp;Ingres\u00f3 como novicia en la Abad\u00eda de Nonnberg, en Salzburgo, con intenci\u00f3n de convertirse en monja, donde recibi\u00f3 formaci\u00f3n religiosa y musical.<\/p>\n\n\n\n<p><strong>BREVE BIOGRAFIA.<\/strong><\/p>\n\n\n\n<p>Maria von Trapp fue una mujer con una historia de vida extraordinaria que se convirti\u00f3 en s\u00edmbolo de valent\u00eda, familia y amor por la m\u00fasica. Hu\u00e9rfana desde peque\u00f1a, fue criada por familiares y m\u00e1s tarde educada en un convento benedictino. Su vida dio un giro inesperado cuando, como novicia, fue enviada a la casa del viudo capit\u00e1n Georg von Trapp para cuidar a una de sus hijas enfermas.<\/p>\n\n\n\n<p>Su conexi\u00f3n con los ni\u00f1os fue inmediata, y con el tiempo se cas\u00f3 con Georg. Juntos tuvieron tres hijos, adem\u00e1s de los siete que \u00e9l ya ten\u00eda. La familia von Trapp comenz\u00f3 a cantar junta profesionalmente tras perder su fortuna en la Gran Depresi\u00f3n. Se hicieron famosos como el \u201cTrapp Family Singers\u201d, presentando repertorio cl\u00e1sico y folcl\u00f3rico por Europa.<\/p>\n\n\n\n<p>Con la llegada del nazismo, la familia tom\u00f3 la valiente decisi\u00f3n de abandonar Austria, neg\u00e1ndose a formar parte del sistema opresivo. Huyeron primero a Italia, luego a Inglaterra, y finalmente emigraron a Estados Unidos, donde encontraron refugio. Se establecieron en Vermont, donde compraron una granja que convirtieron en una pensi\u00f3n musical y centro espiritual.<\/p>\n\n\n\n<p>La historia de su vida fue contada por la misma Maria en su autobiograf\u00eda&nbsp;<em>The Story of the Trapp Family Singers<\/em>&nbsp;(1949), que inspir\u00f3 la pel\u00edcula&nbsp;<em>The Sound of Music<\/em>&nbsp;(1965), protagonizada por Julie Andrews.<\/p>\n\n\n\n<p>Maria continu\u00f3 viajando, cantando y escribiendo hasta su vejez. Fue una mujer profundamente religiosa, comprometida con la m\u00fasica, la educaci\u00f3n de sus hijos y el servicio a los dem\u00e1s. Falleci\u00f3 el 28 de marzo de 1987 en Vermont, Estados Unidos.<\/p>\n\n\n\n<p><strong>FUENTES.<\/strong><\/p>\n\n\n\n<p>\u2022&nbsp;<em>The Story of the Trapp Family Singers<\/em>&nbsp;(libro autobiogr\u00e1fico de Maria von Trapp)<\/p>\n\n\n\n<p>\u2022\u00a0Trapp Family Lodge official site: <a href=\"https:\/\/www.trappfamily.com\">https:\/\/www.trappfamily.com<\/a><\/p>\n\n\n\n<p>\u2022\u00a0Biography.com: <a href=\"https:\/\/www.biography.com\/musicians\/maria-von-trapp\">https:\/\/www.biography.com\/musicians\/maria-von-trapp<\/a><\/p>\n\n\n\n<p>\u2022\u00a0National Archives (USA): <a href=\"https:\/\/www.archives.gov\/exhibits\/american_originals\/trapp.html\">https:\/\/www.archives.gov\/exhibits\/american_originals\/trapp.html<\/a><\/p>\n\n\n\n<p><\/p>\n","protected":false},"excerpt":{"rendered":"<p>NOMBRE COMPLETO: Maria von Trapp FECHA Y LUGAR DE NACIMIENTO. 26 de enero de 1905,&hellip;<\/p>\n","protected":false},"author":1,"featured_media":1093,"comment_status":"closed","ping_status":"closed","sticky":false,"template":"","format":"standard","meta":{"footnotes":""},"categories":[4],"tags":[],"class_list":["post-1091","post","type-post","status-publish","format-standard","has-post-thumbnail","hentry","category-refugiados"],"_links":{"self":[{"href":"https:\/\/hogarenelmundo.riotormes.es\/index.php?rest_route=\/wp\/v2\/posts\/1091","targetHints":{"allow":["GET"]}}],"collection":[{"href":"https:\/\/hogarenelmundo.riotormes.es\/index.php?rest_route=\/wp\/v2\/posts"}],"about":[{"href":"https:\/\/hogarenelmundo.riotormes.es\/index.php?rest_route=\/wp\/v2\/types\/post"}],"author":[{"embeddable":true,"href":"https:\/\/hogarenelmundo.riotormes.es\/index.php?rest_route=\/wp\/v2\/users\/1"}],"replies":[{"embeddable":true,"href":"https:\/\/hogarenelmundo.riotormes.es\/index.php?rest_route=%2Fwp%2Fv2%2Fcomments&post=1091"}],"version-history":[{"count":2,"href":"https:\/\/hogarenelmundo.riotormes.es\/index.php?rest_route=\/wp\/v2\/posts\/1091\/revisions"}],"predecessor-version":[{"id":1094,"href":"https:\/\/hogarenelmundo.riotormes.es\/index.php?rest_route=\/wp\/v2\/posts\/1091\/revisions\/1094"}],"wp:featuredmedia":[{"embeddable":true,"href":"https:\/\/hogarenelmundo.riotormes.es\/index.php?rest_route=\/wp\/v2\/media\/1093"}],"wp:attachment":[{"href":"https:\/\/hogarenelmundo.riotormes.es\/index.php?rest_route=%2Fwp%2Fv2%2Fmedia&parent=1091"}],"wp:term":[{"taxonomy":"category","embeddable":true,"href":"https:\/\/hogarenelmundo.riotormes.es\/index.php?rest_route=%2Fwp%2Fv2%2Fcategories&post=1091"},{"taxonomy":"post_tag","embeddable":true,"href":"https:\/\/hogarenelmundo.riotormes.es\/index.php?rest_route=%2Fwp%2Fv2%2Ftags&post=1091"}],"curies":[{"name":"wp","href":"https:\/\/api.w.org\/{rel}","templated":true}]}}