{"id":1027,"date":"2025-04-08T10:02:42","date_gmt":"2025-04-08T08:02:42","guid":{"rendered":"https:\/\/hogarenelmundo.riotormes.es\/?p=1027"},"modified":"2025-04-09T10:40:06","modified_gmt":"2025-04-09T08:40:06","slug":"edward-said","status":"publish","type":"post","link":"https:\/\/hogarenelmundo.riotormes.es\/?p=1027","title":{"rendered":"Edward Said"},"content":{"rendered":"\n<p><strong>NOMBRE:<\/strong><br>Edward Said<\/p>\n\n\n\n<p><strong>FECHA Y LUGAR DE NACIMIENTO:<\/strong><br>1 de noviembre de 1935, Jerusal\u00e9n, Palestina<\/p>\n\n\n\n<p><strong>PA\u00cdS o PA\u00cdSES DE ACOGIDA:<\/strong><br>Estados Unidos<\/p>\n\n\n\n<p><strong>CAUSA DE SALIDA DE SU PA\u00cdS DE ORIGEN:<\/strong><br>Said se traslad\u00f3 a los Estados Unidos en 1947 debido al conflicto palestino-israel\u00ed y la partici\u00f3n de Palestina. Tras la guerra \u00e1rabe-israel\u00ed de 1948, su familia fue desplazada y se estableci\u00f3 en Egipto antes de que Said se mudara a los Estados Unidos para estudiar.<\/p>\n\n\n\n<p><strong>FORMACI\u00d3N ACAD\u00c9MICA:<\/strong><br>Estudi\u00f3 en la Universidad Americana de El Cairo y, m\u00e1s tarde, obtuvo su doctorado en literatura inglesa en la Universidad de Harvard. A lo largo de su carrera acad\u00e9mica, se especializ\u00f3 en literatura comparada, literatura inglesa y cr\u00edtica literaria.<\/p>\n\n\n\n<p><strong>BREVE BIOGRAF\u00cdA:<\/strong><br>Edward Said fue un acad\u00e9mico, escritor y pensador palestino-estadounidense, conocido por ser uno de los principales te\u00f3ricos del poscolonialismo. Su obra m\u00e1s influyente, <em>Orientalismo<\/em> (1978), examina c\u00f3mo Occidente ha construido una visi\u00f3n distorsionada del Oriente (el Medio Oriente y Asia) a trav\u00e9s de la literatura, el arte y la pol\u00edtica. Este trabajo fue fundamental para el desarrollo del estudio de la teor\u00eda postcolonial y ha tenido un impacto profundo en los estudios culturales y de geopol\u00edtica.<\/p>\n\n\n\n<p>Said fue un fuerte defensor de los derechos del pueblo palestino y un cr\u00edtico abierto de la pol\u00edtica estadounidense y las intervenciones occidentales en el Medio Oriente. Adem\u00e1s de su labor acad\u00e9mica, escribi\u00f3 extensamente sobre la situaci\u00f3n pol\u00edtica en Palestina, las relaciones entre Oriente y Occidente, y la cultura \u00e1rabe. Fue profesor en la Universidad de Columbia, donde ense\u00f1\u00f3 literatura comparada, y fue un influyente comentarista en los medios de comunicaci\u00f3n sobre cuestiones pol\u00edticas y culturales.<\/p>\n\n\n\n<p>Said tambi\u00e9n fue autor de varias obras literarias, incluyendo memorias, ensayos y libros de cr\u00edtica literaria. Su legado como intelectual y activista sigue siendo fundamental en los estudios postcoloniales, los derechos humanos y la cr\u00edtica cultural.<\/p>\n\n\n\n<p><strong>FUENTES:<\/strong><\/p>\n\n\n\n<ul class=\"wp-block-list\">\n<li><em>Orientalism<\/em> (1978), su obra m\u00e1s conocida, que analiza la representaci\u00f3n occidental del Oriente.<\/li>\n\n\n\n<li><em>Culture and Imperialism<\/em> (1993), una continuaci\u00f3n de <em>Orientalism<\/em>, donde aborda las conexiones entre cultura e imperialismo.<\/li>\n\n\n\n<li><em>The Question of Palestine<\/em> (1979), un an\u00e1lisis cr\u00edtico del conflicto palestino-israel\u00ed.<\/li>\n\n\n\n<li><em>Out of Place<\/em> (1999), sus memorias, donde narra su vida como palestino en el exilio.<\/li>\n\n\n\n<li><em>Edward Said: A Legacy of Emancipation and Representation<\/em> (2004), por el cr\u00edtico acad\u00e9mico A. D. B. Berghahn, que aborda su impacto intelectual.<\/li>\n<\/ul>\n","protected":false},"excerpt":{"rendered":"<p>NOMBRE:Edward Said FECHA Y LUGAR DE NACIMIENTO:1 de noviembre de 1935, Jerusal\u00e9n, Palestina PA\u00cdS o&hellip;<\/p>\n","protected":false},"author":7,"featured_media":1031,"comment_status":"closed","ping_status":"closed","sticky":false,"template":"","format":"standard","meta":{"footnotes":""},"categories":[4],"tags":[],"class_list":["post-1027","post","type-post","status-publish","format-standard","has-post-thumbnail","hentry","category-refugiados"],"_links":{"self":[{"href":"https:\/\/hogarenelmundo.riotormes.es\/index.php?rest_route=\/wp\/v2\/posts\/1027","targetHints":{"allow":["GET"]}}],"collection":[{"href":"https:\/\/hogarenelmundo.riotormes.es\/index.php?rest_route=\/wp\/v2\/posts"}],"about":[{"href":"https:\/\/hogarenelmundo.riotormes.es\/index.php?rest_route=\/wp\/v2\/types\/post"}],"author":[{"embeddable":true,"href":"https:\/\/hogarenelmundo.riotormes.es\/index.php?rest_route=\/wp\/v2\/users\/7"}],"replies":[{"embeddable":true,"href":"https:\/\/hogarenelmundo.riotormes.es\/index.php?rest_route=%2Fwp%2Fv2%2Fcomments&post=1027"}],"version-history":[{"count":2,"href":"https:\/\/hogarenelmundo.riotormes.es\/index.php?rest_route=\/wp\/v2\/posts\/1027\/revisions"}],"predecessor-version":[{"id":1104,"href":"https:\/\/hogarenelmundo.riotormes.es\/index.php?rest_route=\/wp\/v2\/posts\/1027\/revisions\/1104"}],"wp:featuredmedia":[{"embeddable":true,"href":"https:\/\/hogarenelmundo.riotormes.es\/index.php?rest_route=\/wp\/v2\/media\/1031"}],"wp:attachment":[{"href":"https:\/\/hogarenelmundo.riotormes.es\/index.php?rest_route=%2Fwp%2Fv2%2Fmedia&parent=1027"}],"wp:term":[{"taxonomy":"category","embeddable":true,"href":"https:\/\/hogarenelmundo.riotormes.es\/index.php?rest_route=%2Fwp%2Fv2%2Fcategories&post=1027"},{"taxonomy":"post_tag","embeddable":true,"href":"https:\/\/hogarenelmundo.riotormes.es\/index.php?rest_route=%2Fwp%2Fv2%2Ftags&post=1027"}],"curies":[{"name":"wp","href":"https:\/\/api.w.org\/{rel}","templated":true}]}}