{"id":1018,"date":"2025-04-08T10:03:20","date_gmt":"2025-04-08T08:03:20","guid":{"rendered":"https:\/\/hogarenelmundo.riotormes.es\/?p=1018"},"modified":"2025-04-08T10:12:50","modified_gmt":"2025-04-08T08:12:50","slug":"nadia-comaneci","status":"publish","type":"post","link":"https:\/\/hogarenelmundo.riotormes.es\/?p=1018","title":{"rendered":"Nadia Com\u0103neci"},"content":{"rendered":"\n<p><strong>NOMBRE:<\/strong> <\/p>\n\n\n\n<p>Nadia Com\u0103neci<\/p>\n\n\n\n<p><strong>FECHA Y LUGAR DE NACIENTO:<\/strong><\/p>\n\n\n\n<p>12 de noviembre de 1961, Gheorgheni, Ruman\u00eda<\/p>\n\n\n\n<p><strong>PAIS O PAISES DE ACOGIDA<\/strong>:<\/p>\n\n\n\n<p> Estados Unidos.<\/p>\n\n\n\n<p><strong>CAUSA DE SALIDA DEL PAIS DE ORIGEN:<\/strong><\/p>\n\n\n\n<p>Huida del r\u00e9gimen comunista de Nicolae Ceau\u0219escu y b\u00fasqueda de libertad personal y profesional<\/p>\n\n\n\n<p><strong>FORMACION ACADEMICA:<\/strong><\/p>\n\n\n\n<p>Formaci\u00f3n deportiva en gimnasia desde muy temprana edad en escuelas deportivas rumanas. Entrenada por B\u00e9la y M\u00e1rta K\u00e1rolyi, destacados entrenadores de \u00e9lite..<\/p>\n\n\n\n<p><strong>BREVE BIOGRAFIA:<\/strong><\/p>\n\n\n\n<p> Nadia Com\u0103neci es una exgimnasta rumana considerada una de las mejores de todos los tiempos. Alcanz\u00f3 la fama mundial durante los Juegos Ol\u00edmpicos de Montreal 1976, donde con solo 14 a\u00f1os consigui\u00f3 el <strong>primer 10 perfecto<\/strong> en la historia de la gimnasia ol\u00edmpica. Obtuvo un total de <strong>cinco medallas de oro ol\u00edmpicas<\/strong> a lo largo de su carrera. Su talento, disciplina y elegancia revolucionaron el deporte. En 1989 huy\u00f3 de Ruman\u00eda a trav\u00e9s de Hungr\u00eda y Austria, y finalmente se estableci\u00f3 en Estados Unidos. Desde entonces ha trabajado en el \u00e1mbito deportivo y filantr\u00f3pico. Est\u00e1 casada con el tambi\u00e9n gimnasta Bart Conner y ha recibido m\u00faltiples reconocimientos internacionales.<br><\/p>\n","protected":false},"excerpt":{"rendered":"<p>NOMBRE: Nadia Com\u0103neci FECHA Y LUGAR DE NACIENTO: 12 de noviembre de 1961, Gheorgheni, Ruman\u00eda&hellip;<\/p>\n","protected":false},"author":19,"featured_media":1040,"comment_status":"closed","ping_status":"closed","sticky":false,"template":"","format":"standard","meta":{"footnotes":""},"categories":[4],"tags":[],"class_list":["post-1018","post","type-post","status-publish","format-standard","has-post-thumbnail","hentry","category-refugiados"],"_links":{"self":[{"href":"https:\/\/hogarenelmundo.riotormes.es\/index.php?rest_route=\/wp\/v2\/posts\/1018","targetHints":{"allow":["GET"]}}],"collection":[{"href":"https:\/\/hogarenelmundo.riotormes.es\/index.php?rest_route=\/wp\/v2\/posts"}],"about":[{"href":"https:\/\/hogarenelmundo.riotormes.es\/index.php?rest_route=\/wp\/v2\/types\/post"}],"author":[{"embeddable":true,"href":"https:\/\/hogarenelmundo.riotormes.es\/index.php?rest_route=\/wp\/v2\/users\/19"}],"replies":[{"embeddable":true,"href":"https:\/\/hogarenelmundo.riotormes.es\/index.php?rest_route=%2Fwp%2Fv2%2Fcomments&post=1018"}],"version-history":[{"count":4,"href":"https:\/\/hogarenelmundo.riotormes.es\/index.php?rest_route=\/wp\/v2\/posts\/1018\/revisions"}],"predecessor-version":[{"id":1066,"href":"https:\/\/hogarenelmundo.riotormes.es\/index.php?rest_route=\/wp\/v2\/posts\/1018\/revisions\/1066"}],"wp:featuredmedia":[{"embeddable":true,"href":"https:\/\/hogarenelmundo.riotormes.es\/index.php?rest_route=\/wp\/v2\/media\/1040"}],"wp:attachment":[{"href":"https:\/\/hogarenelmundo.riotormes.es\/index.php?rest_route=%2Fwp%2Fv2%2Fmedia&parent=1018"}],"wp:term":[{"taxonomy":"category","embeddable":true,"href":"https:\/\/hogarenelmundo.riotormes.es\/index.php?rest_route=%2Fwp%2Fv2%2Fcategories&post=1018"},{"taxonomy":"post_tag","embeddable":true,"href":"https:\/\/hogarenelmundo.riotormes.es\/index.php?rest_route=%2Fwp%2Fv2%2Ftags&post=1018"}],"curies":[{"name":"wp","href":"https:\/\/api.w.org\/{rel}","templated":true}]}}